{"id":103,"date":"2022-04-03T22:38:45","date_gmt":"2022-04-03T20:38:45","guid":{"rendered":"https:\/\/sites.delab.fr\/avignon-communale\/?p=103"},"modified":"2022-04-03T22:38:45","modified_gmt":"2022-04-03T20:38:45","slug":"le-palais-de-la-commune","status":"publish","type":"post","link":"https:\/\/histoire-multimedia-web.univ-avignon.fr\/avignon-avant-les-papes\/2022\/04\/03\/le-palais-de-la-commune\/","title":{"rendered":"Le palais de la commune"},"content":{"rendered":"<p>Dans le courant du XII<sup>&egrave;me<\/sup> les habitants de la ville d&rsquo;Avignon d&eacute;cident de s&rsquo;organiser contre le pouvoir de leurs suzerains le comte de Toulouse, qui est alors comte de Provence, et surtout l&rsquo;&eacute;v&ecirc;que d&rsquo;Avignon, qui a un &eacute;norme pouvoir sur la ville et la dirige quasiment de fait.   A partir des ann&eacute;es 1130-1140 ils s&rsquo;organisent et votent, par un processus complexe, pour des consuls, au nombre de huit, qui gouvernent la cit&eacute;. &Agrave; partir de  1225 les consuls sont remplac&eacute;s par un podestat unique, le plus souvent d&rsquo;origine italienne. Ces changements institutionnels sont sur  le mod&egrave;le des villes d&rsquo;Italie du nord. Pour qualifier ces r&eacute;gimes politiques, on parle de <a class=\"glossaryLink\"  aria-describedby=\"tt\"  data-cmtooltip=\"&lt;div class=glossaryItemTitle&gt;Consulat&lt;\/div&gt;&lt;div class=glossaryItemBody&gt;&lt;\/div&gt;\"  href=\"https:\/\/histoire-multimedia-web.univ-avignon.fr\/avignon-avant-les-papes\/glossary\/consulat\/\"  data-gt-translate-attributes='[{\"attribute\":\"data-cmtooltip\", \"format\":\"html\"}]'>consulat<\/a> puis de <a class=\"glossaryLink\"  aria-describedby=\"tt\"  data-cmtooltip=\"&lt;div class=glossaryItemTitle&gt;Commune&lt;\/div&gt;&lt;div class=glossaryItemBody&gt;&lt;\/div&gt;\"  href=\"https:\/\/histoire-multimedia-web.univ-avignon.fr\/avignon-avant-les-papes\/glossary\/commune\/\"  data-gt-translate-attributes='[{\"attribute\":\"data-cmtooltip\", \"format\":\"html\"}]'>commune<\/a> d&rsquo;Avignon lorsque les consuls sont remplac&eacute;s par le podestat.<\/p>\n\n\n\n<p>Le palais des consuls, ou palais de la <a class=\"glossaryLink\"  aria-describedby=\"tt\"  data-cmtooltip=\"&lt;div class=glossaryItemTitle&gt;Commune&lt;\/div&gt;&lt;div class=glossaryItemBody&gt;&lt;\/div&gt;\"  href=\"https:\/\/histoire-multimedia-web.univ-avignon.fr\/avignon-avant-les-papes\/glossary\/commune\/\"  data-gt-translate-attributes='[{\"attribute\":\"data-cmtooltip\", \"format\":\"html\"}]'>commune<\/a>, est h&eacute;ritier de cette &eacute;poque. Si l&rsquo;aspect actuel ne date pas enti&egrave;rement de cette derni&egrave;re, le b&acirc;timent a tout d&rsquo;abord &eacute;t&eacute; construit au XII<sup>&egrave;me<\/sup> comme lieu o&ugrave; si&eacute;geaient les consuls, puis le podestat et son administration. Il est int&eacute;ressant de noter que le b&acirc;timent fut construit sur&eacute;lev&eacute;, sur des ruines romaines, s&ucirc;rement afin de cr&eacute;er une id&eacute;e de continuit&eacute;, de l&eacute;gitimit&eacute; de ces nouvelles institutions communales. Aujourd&rsquo;hui presque cach&eacute; par les murs massifs du palais des papes situ&eacute;s &agrave; proximit&eacute;, il faut se rappeler que le palais des consuls est ant&eacute;rieur au palais des papes et &eacute;tait s&ucirc;rement une construction tr&egrave;s importante, et tr&egrave;s visible, dans l&rsquo;Avignon du XII<sup>&egrave;me<\/sup> si&egrave;cle.<\/p>","protected":false},"excerpt":{"rendered":"<p>Dans le courant du XII&egrave;me les habitants de la ville d&rsquo;Avignon d&eacute;cident de s&rsquo;organiser contre le pouvoir de leurs suzerains le comte de Toulouse, qui est alors comte de Provence, et surtout l&rsquo;&eacute;v&ecirc;que d&rsquo;Avignon, qui a un &eacute;norme pouvoir sur la ville et la dirige quasiment de fait. A partir des ann&eacute;es 1130-1140 ils s&rsquo;organisent &hellip; <\/p>\n<p class=\"link-more\"><a href=\"https:\/\/histoire-multimedia-web.univ-avignon.fr\/avignon-avant-les-papes\/2022\/04\/03\/le-palais-de-la-commune\/\" class=\"more-link\">Continuer la lecture<span class=\"screen-reader-text\"> de &laquo;&nbsp;Le palais de la commune&nbsp;&raquo;<\/span><\/a><\/p>","protected":false},"author":7,"featured_media":0,"comment_status":"closed","ping_status":"closed","sticky":false,"template":"","format":"standard","meta":[],"categories":[2],"tags":[],"acf":[],"yoast_head":"<!-- This site is optimized with the Yoast SEO plugin v20.5 - https:\/\/yoast.com\/wordpress\/plugins\/seo\/ -->\n<title>Le palais de la commune - Avignon avant les papes<\/title>\n<meta name=\"robots\" content=\"index, follow, max-snippet:-1, max-image-preview:large, max-video-preview:-1\" \/>\n<link rel=\"canonical\" href=\"https:\/\/histoire-multimedia-web.univ-avignon.fr\/avignon-avant-les-papes\/2022\/04\/03\/le-palais-de-la-commune\/\" \/>\n<meta property=\"og:locale\" content=\"fr_FR\" \/>\n<meta property=\"og:type\" content=\"article\" \/>\n<meta property=\"og:title\" content=\"Le palais de la commune - Avignon avant les papes\" \/>\n<meta property=\"og:description\" content=\"Dans le courant du XII&egrave;me les habitants de la ville d&rsquo;Avignon d&eacute;cident de s&rsquo;organiser contre le pouvoir de leurs suzerains le comte de Toulouse, qui est alors comte de Provence, et surtout l&rsquo;&eacute;v&ecirc;que d&rsquo;Avignon, qui a un &eacute;norme pouvoir sur la ville et la dirige quasiment de fait. A partir des ann&eacute;es 1130-1140 ils s&rsquo;organisent &hellip; Continuer la lecture de &laquo;&nbsp;Le palais de la commune&nbsp;&raquo;\" \/>\n<meta property=\"og:url\" content=\"https:\/\/histoire-multimedia-web.univ-avignon.fr\/avignon-avant-les-papes\/2022\/04\/03\/le-palais-de-la-commune\/\" \/>\n<meta property=\"og:site_name\" content=\"Avignon avant les papes\" \/>\n<meta property=\"article:published_time\" content=\"2022-04-03T20:38:45+00:00\" \/>\n<meta name=\"author\" content=\"Antoine\" \/>\n<meta name=\"twitter:card\" content=\"summary_large_image\" \/>\n<meta name=\"twitter:label1\" content=\"\u00c9crit par\" \/>\n\t<meta name=\"twitter:data1\" content=\"Antoine\" \/>\n\t<meta name=\"twitter:label2\" content=\"Dur\u00e9e de lecture estim\u00e9e\" \/>\n\t<meta name=\"twitter:data2\" content=\"2 minutes\" \/>\n<script type=\"application\/ld+json\" class=\"yoast-schema-graph\">{\"@context\":\"https:\/\/schema.org\",\"@graph\":[{\"@type\":\"WebPage\",\"@id\":\"https:\/\/histoire-multimedia-web.univ-avignon.fr\/avignon-avant-les-papes\/2022\/04\/03\/le-palais-de-la-commune\/\",\"url\":\"https:\/\/histoire-multimedia-web.univ-avignon.fr\/avignon-avant-les-papes\/2022\/04\/03\/le-palais-de-la-commune\/\",\"name\":\"Le palais de la commune - Avignon avant les papes\",\"isPartOf\":{\"@id\":\"https:\/\/histoire-multimedia-web.univ-avignon.fr\/avignon-avant-les-papes\/#website\"},\"datePublished\":\"2022-04-03T20:38:45+00:00\",\"dateModified\":\"2022-04-03T20:38:45+00:00\",\"author\":{\"@id\":\"https:\/\/histoire-multimedia-web.univ-avignon.fr\/avignon-avant-les-papes\/#\/schema\/person\/dbf8a9849a7be19bb6cf829ca591bef4\"},\"breadcrumb\":{\"@id\":\"https:\/\/histoire-multimedia-web.univ-avignon.fr\/avignon-avant-les-papes\/2022\/04\/03\/le-palais-de-la-commune\/#breadcrumb\"},\"inLanguage\":\"fr-FR\",\"potentialAction\":[{\"@type\":\"ReadAction\",\"target\":[\"https:\/\/histoire-multimedia-web.univ-avignon.fr\/avignon-avant-les-papes\/2022\/04\/03\/le-palais-de-la-commune\/\"]}]},{\"@type\":\"BreadcrumbList\",\"@id\":\"https:\/\/histoire-multimedia-web.univ-avignon.fr\/avignon-avant-les-papes\/2022\/04\/03\/le-palais-de-la-commune\/#breadcrumb\",\"itemListElement\":[{\"@type\":\"ListItem\",\"position\":1,\"name\":\"Accueil\",\"item\":\"https:\/\/histoire-multimedia-web.univ-avignon.fr\/avignon-avant-les-papes\/\"},{\"@type\":\"ListItem\",\"position\":2,\"name\":\"Le palais de la commune\"}]},{\"@type\":\"WebSite\",\"@id\":\"https:\/\/histoire-multimedia-web.univ-avignon.fr\/avignon-avant-les-papes\/#website\",\"url\":\"https:\/\/histoire-multimedia-web.univ-avignon.fr\/avignon-avant-les-papes\/\",\"name\":\"Avignon avant les papes\",\"description\":\"D\u00e9couvrir Avignon entre le XIIe et XIVe si\u00e8cle\",\"potentialAction\":[{\"@type\":\"SearchAction\",\"target\":{\"@type\":\"EntryPoint\",\"urlTemplate\":\"https:\/\/histoire-multimedia-web.univ-avignon.fr\/avignon-avant-les-papes\/?s={search_term_string}\"},\"query-input\":\"required name=search_term_string\"}],\"inLanguage\":\"fr-FR\"},{\"@type\":\"Person\",\"@id\":\"https:\/\/histoire-multimedia-web.univ-avignon.fr\/avignon-avant-les-papes\/#\/schema\/person\/dbf8a9849a7be19bb6cf829ca591bef4\",\"name\":\"Antoine\",\"image\":{\"@type\":\"ImageObject\",\"inLanguage\":\"fr-FR\",\"@id\":\"https:\/\/histoire-multimedia-web.univ-avignon.fr\/avignon-avant-les-papes\/#\/schema\/person\/image\/\",\"url\":\"https:\/\/secure.gravatar.com\/avatar\/e3d0670f347b7c442fab6833f1985857?s=96&d=mm&r=g\",\"contentUrl\":\"https:\/\/secure.gravatar.com\/avatar\/e3d0670f347b7c442fab6833f1985857?s=96&d=mm&r=g\",\"caption\":\"Antoine\"},\"url\":\"https:\/\/histoire-multimedia-web.univ-avignon.fr\/avignon-avant-les-papes\/author\/admin_sites\/\"}]}<\/script>\n<!-- \/ Yoast SEO plugin. -->","yoast_head_json":{"title":"Le palais de la commune - Avignon avant les papes","robots":{"index":"index","follow":"follow","max-snippet":"max-snippet:-1","max-image-preview":"max-image-preview:large","max-video-preview":"max-video-preview:-1"},"canonical":"https:\/\/histoire-multimedia-web.univ-avignon.fr\/avignon-avant-les-papes\/2022\/04\/03\/le-palais-de-la-commune\/","og_locale":"fr_FR","og_type":"article","og_title":"Le palais de la commune - Avignon avant les papes","og_description":"Dans le courant du XII&egrave;me les habitants de la ville d&rsquo;Avignon d&eacute;cident de s&rsquo;organiser contre le pouvoir de leurs suzerains le comte de Toulouse, qui est alors comte de Provence, et surtout l&rsquo;&eacute;v&ecirc;que d&rsquo;Avignon, qui a un &eacute;norme pouvoir sur la ville et la dirige quasiment de fait. A partir des ann&eacute;es 1130-1140 ils s&rsquo;organisent &hellip; Continuer la lecture de &laquo;&nbsp;Le palais de la commune&nbsp;&raquo;","og_url":"https:\/\/histoire-multimedia-web.univ-avignon.fr\/avignon-avant-les-papes\/2022\/04\/03\/le-palais-de-la-commune\/","og_site_name":"Avignon avant les papes","article_published_time":"2022-04-03T20:38:45+00:00","author":"Antoine","twitter_card":"summary_large_image","twitter_misc":{"\u00c9crit par":"Antoine","Dur\u00e9e de lecture estim\u00e9e":"2 minutes"},"schema":{"@context":"https:\/\/schema.org","@graph":[{"@type":"WebPage","@id":"https:\/\/histoire-multimedia-web.univ-avignon.fr\/avignon-avant-les-papes\/2022\/04\/03\/le-palais-de-la-commune\/","url":"https:\/\/histoire-multimedia-web.univ-avignon.fr\/avignon-avant-les-papes\/2022\/04\/03\/le-palais-de-la-commune\/","name":"Le palais de la commune - Avignon avant les papes","isPartOf":{"@id":"https:\/\/histoire-multimedia-web.univ-avignon.fr\/avignon-avant-les-papes\/#website"},"datePublished":"2022-04-03T20:38:45+00:00","dateModified":"2022-04-03T20:38:45+00:00","author":{"@id":"https:\/\/histoire-multimedia-web.univ-avignon.fr\/avignon-avant-les-papes\/#\/schema\/person\/dbf8a9849a7be19bb6cf829ca591bef4"},"breadcrumb":{"@id":"https:\/\/histoire-multimedia-web.univ-avignon.fr\/avignon-avant-les-papes\/2022\/04\/03\/le-palais-de-la-commune\/#breadcrumb"},"inLanguage":"fr-FR","potentialAction":[{"@type":"ReadAction","target":["https:\/\/histoire-multimedia-web.univ-avignon.fr\/avignon-avant-les-papes\/2022\/04\/03\/le-palais-de-la-commune\/"]}]},{"@type":"BreadcrumbList","@id":"https:\/\/histoire-multimedia-web.univ-avignon.fr\/avignon-avant-les-papes\/2022\/04\/03\/le-palais-de-la-commune\/#breadcrumb","itemListElement":[{"@type":"ListItem","position":1,"name":"Accueil","item":"https:\/\/histoire-multimedia-web.univ-avignon.fr\/avignon-avant-les-papes\/"},{"@type":"ListItem","position":2,"name":"Le palais de la commune"}]},{"@type":"WebSite","@id":"https:\/\/histoire-multimedia-web.univ-avignon.fr\/avignon-avant-les-papes\/#website","url":"https:\/\/histoire-multimedia-web.univ-avignon.fr\/avignon-avant-les-papes\/","name":"Avignon avant les papes","description":"D\u00e9couvrir Avignon entre le XIIe et XIVe si\u00e8cle","potentialAction":[{"@type":"SearchAction","target":{"@type":"EntryPoint","urlTemplate":"https:\/\/histoire-multimedia-web.univ-avignon.fr\/avignon-avant-les-papes\/?s={search_term_string}"},"query-input":"required name=search_term_string"}],"inLanguage":"fr-FR"},{"@type":"Person","@id":"https:\/\/histoire-multimedia-web.univ-avignon.fr\/avignon-avant-les-papes\/#\/schema\/person\/dbf8a9849a7be19bb6cf829ca591bef4","name":"Antoine","image":{"@type":"ImageObject","inLanguage":"fr-FR","@id":"https:\/\/histoire-multimedia-web.univ-avignon.fr\/avignon-avant-les-papes\/#\/schema\/person\/image\/","url":"https:\/\/secure.gravatar.com\/avatar\/e3d0670f347b7c442fab6833f1985857?s=96&d=mm&r=g","contentUrl":"https:\/\/secure.gravatar.com\/avatar\/e3d0670f347b7c442fab6833f1985857?s=96&d=mm&r=g","caption":"Antoine"},"url":"https:\/\/histoire-multimedia-web.univ-avignon.fr\/avignon-avant-les-papes\/author\/admin_sites\/"}]}},"jetpack_featured_media_url":"","jetpack_sharing_enabled":true,"_links":{"self":[{"href":"https:\/\/histoire-multimedia-web.univ-avignon.fr\/avignon-avant-les-papes\/wp-json\/wp\/v2\/posts\/103"}],"collection":[{"href":"https:\/\/histoire-multimedia-web.univ-avignon.fr\/avignon-avant-les-papes\/wp-json\/wp\/v2\/posts"}],"about":[{"href":"https:\/\/histoire-multimedia-web.univ-avignon.fr\/avignon-avant-les-papes\/wp-json\/wp\/v2\/types\/post"}],"author":[{"embeddable":true,"href":"https:\/\/histoire-multimedia-web.univ-avignon.fr\/avignon-avant-les-papes\/wp-json\/wp\/v2\/users\/7"}],"replies":[{"embeddable":true,"href":"https:\/\/histoire-multimedia-web.univ-avignon.fr\/avignon-avant-les-papes\/wp-json\/wp\/v2\/comments?post=103"}],"version-history":[{"count":0,"href":"https:\/\/histoire-multimedia-web.univ-avignon.fr\/avignon-avant-les-papes\/wp-json\/wp\/v2\/posts\/103\/revisions"}],"wp:attachment":[{"href":"https:\/\/histoire-multimedia-web.univ-avignon.fr\/avignon-avant-les-papes\/wp-json\/wp\/v2\/media?parent=103"}],"wp:term":[{"taxonomy":"category","embeddable":true,"href":"https:\/\/histoire-multimedia-web.univ-avignon.fr\/avignon-avant-les-papes\/wp-json\/wp\/v2\/categories?post=103"},{"taxonomy":"post_tag","embeddable":true,"href":"https:\/\/histoire-multimedia-web.univ-avignon.fr\/avignon-avant-les-papes\/wp-json\/wp\/v2\/tags?post=103"}],"curies":[{"name":"wp","href":"https:\/\/api.w.org\/{rel}","templated":true}]}}