{"id":86,"date":"2022-04-04T15:52:56","date_gmt":"2022-04-04T13:52:56","guid":{"rendered":"https:\/\/sites.delab.fr\/avignon-communale\/?p=86"},"modified":"2022-04-04T15:52:56","modified_gmt":"2022-04-04T13:52:56","slug":"le-pont-davignon","status":"publish","type":"post","link":"https:\/\/histoire-multimedia-web.univ-avignon.fr\/avignon-avant-les-papes\/2022\/04\/04\/le-pont-davignon\/","title":{"rendered":"Le pont d&rsquo;Avignon"},"content":{"rendered":"<div class=\"wp-block-getwid-advanced-heading\"><span class=\"wp-block-getwid-advanced-heading__content\">Le but ici n&rsquo;est pas de retracer l&rsquo;histoire du pont d&rsquo;Avignon puisque des articles, ouvrages et m&ecirc;me une visite du pont permettent d&rsquo;en apprendre plus. L&rsquo;objectif est de pr&eacute;senter le pont d&rsquo;Avignon comme un &eacute;l&eacute;ment du d&eacute;cor d&rsquo;avant les papes, d&eacute;j&agrave; construit et utilis&eacute;.<\/span><\/div>\n\n\n\n<figure class=\"wp-block-image size-large\"><img data-attachment-id=\"436\" data-permalink=\"https:\/\/histoire-multimedia-web.univ-avignon.fr\/avignon-avant-les-papes\/2022\/04\/04\/le-pont-davignon\/avignon\/\" data-orig-file=\"https:\/\/i0.wp.com\/histoire-multimedia-web.univ-avignon.fr\/avignon-avant-les-papes\/wp-content\/uploads\/sites\/4\/2022\/04\/Avignon.jpg?fit=1920%2C1080&amp;ssl=1\" data-orig-size=\"1920,1080\" data-comments-opened=\"1\" data-image-meta='{\"aperture\":\"0\",\"credit\":\"\",\"camera\":\"\",\"caption\":\"\",\"created_timestamp\":\"1649692740\",\"copyright\":\"\",\"focal_length\":\"0\",\"iso\":\"0\",\"shutter_speed\":\"0\",\"title\":\"\",\"orientation\":\"0\"}' data-image-title=\"Avignon\" data-image-description=\"\" data-image-caption=\"\" data-medium-file=\"https:\/\/i0.wp.com\/histoire-multimedia-web.univ-avignon.fr\/avignon-avant-les-papes\/wp-content\/uploads\/sites\/4\/2022\/04\/Avignon.jpg?fit=300%2C169&amp;ssl=1\" data-large-file=\"https:\/\/i0.wp.com\/histoire-multimedia-web.univ-avignon.fr\/avignon-avant-les-papes\/wp-content\/uploads\/sites\/4\/2022\/04\/Avignon.jpg?fit=525%2C295&amp;ssl=1\" decoding=\"async\" loading=\"lazy\" width=\"525\" height=\"295\" src=\"https:\/\/i0.wp.com\/histoire-multimedia-web.univ-avignon.fr\/avignon-avant-les-papes\/wp-content\/uploads\/sites\/4\/2022\/04\/Avignon.jpg?resize=525%2C295&#038;ssl=1\" alt=\"ensemble caract&eacute;ristique des &quot;grands monuments&quot; de la ville d'Avignon, dont le pont, vus depuis l'&icirc;le de la Barthelasse\" class=\"wp-image-436\" srcset=\"https:\/\/i0.wp.com\/histoire-multimedia-web.univ-avignon.fr\/avignon-avant-les-papes\/wp-content\/uploads\/sites\/4\/2022\/04\/Avignon.jpg?resize=1024%2C576&amp;ssl=1 1024w, https:\/\/i0.wp.com\/histoire-multimedia-web.univ-avignon.fr\/avignon-avant-les-papes\/wp-content\/uploads\/sites\/4\/2022\/04\/Avignon.jpg?resize=300%2C169&amp;ssl=1 300w, https:\/\/i0.wp.com\/histoire-multimedia-web.univ-avignon.fr\/avignon-avant-les-papes\/wp-content\/uploads\/sites\/4\/2022\/04\/Avignon.jpg?resize=768%2C432&amp;ssl=1 768w, https:\/\/i0.wp.com\/histoire-multimedia-web.univ-avignon.fr\/avignon-avant-les-papes\/wp-content\/uploads\/sites\/4\/2022\/04\/Avignon.jpg?resize=1536%2C864&amp;ssl=1 1536w, https:\/\/i0.wp.com\/histoire-multimedia-web.univ-avignon.fr\/avignon-avant-les-papes\/wp-content\/uploads\/sites\/4\/2022\/04\/Avignon.jpg?resize=1200%2C675&amp;ssl=1 1200w, https:\/\/i0.wp.com\/histoire-multimedia-web.univ-avignon.fr\/avignon-avant-les-papes\/wp-content\/uploads\/sites\/4\/2022\/04\/Avignon.jpg?w=1920&amp;ssl=1 1920w\" sizes=\"(max-width: 767px) 89vw, (max-width: 1000px) 54vw, (max-width: 1071px) 543px, 580px\" data-recalc-dims=\"1\"\/><figcaption><em>Avignon, photo de Nolan Godelaine, Julien Werthe et Jason Nikolaus<\/em>.<\/figcaption><\/figure><h2 class=\"wp-block-heading\">Quelques g&eacute;n&eacute;ralit&eacute;s<\/h2>\n\n\n\n<p class=\"has-text-align-justify\">Contrairement aux id&eacute;es re&ccedil;ues, le pont d&rsquo;Avignon ne fait pas partie de l&rsquo;ensemble des monuments de la papaut&eacute;. Bien souvent, le pont est int&eacute;gr&eacute; dans une sorte de lot des grands monuments repr&eacute;sentants la &laquo;&nbsp;Cit&eacute; des Papes&nbsp;&raquo;. Mais en s&rsquo;int&eacute;ressant de plus pr&ecirc;t au pont, on remarque qu&rsquo;il est construit bien avant l&rsquo;arriv&eacute;e des Papes dans la ville. Le pont <a class=\"glossaryLink\"  aria-describedby=\"tt\"  data-cmtooltip=\"&lt;div class=glossaryItemTitle&gt;Saint&lt;\/div&gt;&lt;div class=glossaryItemBody&gt;&amp;lt;!-- wp:paragraph {&amp;quot;align&amp;quot;:&amp;quot;justify&amp;quot;} --&amp;gt;Un saint ou une sainte est une personne &agrave; qui un culte est rendu apr&egrave;s sa mort de part son exemplarit&eacute; chr&eacute;tienne de son vivant. De la m&ecirc;me fa&ccedil;on, un objet saint est un objet religieux sacr&eacute;.&amp;lt;br\/&amp;gt;&amp;lt;!-- \/wp:paragraph --&amp;gt;&lt;\/div&gt;\"  href=\"https:\/\/histoire-multimedia-web.univ-avignon.fr\/avignon-avant-les-papes\/glossary\/saint\/\"  data-gt-translate-attributes='[{\"attribute\":\"data-cmtooltip\", \"format\":\"html\"}]'>Saint<\/a> B&eacute;nezet, dit pont d&rsquo;Avignon, date de la fin du XIIe si&egrave;cle et n&rsquo;a cess&eacute; d&rsquo;&ecirc;tre utilis&eacute; et reconstruit depuis. <\/p>\n\n\n\n<figure class=\"wp-block-image size-large\"><img data-attachment-id=\"435\" data-permalink=\"https:\/\/histoire-multimedia-web.univ-avignon.fr\/avignon-avant-les-papes\/2022\/04\/04\/le-pont-davignon\/pont-davignon-2\/\" data-orig-file=\"https:\/\/i0.wp.com\/histoire-multimedia-web.univ-avignon.fr\/avignon-avant-les-papes\/wp-content\/uploads\/sites\/4\/2022\/04\/pont-davignon-2.jpg?fit=1920%2C1080&amp;ssl=1\" data-orig-size=\"1920,1080\" data-comments-opened=\"0\" data-image-meta='{\"aperture\":\"0\",\"credit\":\"\",\"camera\":\"\",\"caption\":\"\",\"created_timestamp\":\"1649693108\",\"copyright\":\"\",\"focal_length\":\"0\",\"iso\":\"0\",\"shutter_speed\":\"0\",\"title\":\"\",\"orientation\":\"0\"}' data-image-title=\"pont d&amp;rsquo;avignon 2\" data-image-description=\"\" data-image-caption=\"&lt;p&gt;Pont d&amp;rsquo;Avignon vu depuis l&amp;rsquo;&icirc;le de la Barthelasse, photo de Nolan Godelaine, Julien Werthe et Jason Nikolaus.&lt;\/p&gt;\n\" data-medium-file=\"https:\/\/i0.wp.com\/histoire-multimedia-web.univ-avignon.fr\/avignon-avant-les-papes\/wp-content\/uploads\/sites\/4\/2022\/04\/pont-davignon-2.jpg?fit=300%2C169&amp;ssl=1\" data-large-file=\"https:\/\/i0.wp.com\/histoire-multimedia-web.univ-avignon.fr\/avignon-avant-les-papes\/wp-content\/uploads\/sites\/4\/2022\/04\/pont-davignon-2.jpg?fit=525%2C295&amp;ssl=1\" decoding=\"async\" loading=\"lazy\" width=\"525\" height=\"295\" src=\"https:\/\/i0.wp.com\/histoire-multimedia-web.univ-avignon.fr\/avignon-avant-les-papes\/wp-content\/uploads\/sites\/4\/2022\/04\/pont-davignon-2.jpg?resize=525%2C295&#038;ssl=1\" alt=\"Pont d'Avignon au premier plan de la ville, vu depuis l'&icirc;le de la Barthelasse\" class=\"wp-image-435\" srcset=\"https:\/\/i0.wp.com\/histoire-multimedia-web.univ-avignon.fr\/avignon-avant-les-papes\/wp-content\/uploads\/sites\/4\/2022\/04\/pont-davignon-2.jpg?resize=1024%2C576&amp;ssl=1 1024w, https:\/\/i0.wp.com\/histoire-multimedia-web.univ-avignon.fr\/avignon-avant-les-papes\/wp-content\/uploads\/sites\/4\/2022\/04\/pont-davignon-2.jpg?resize=300%2C169&amp;ssl=1 300w, https:\/\/i0.wp.com\/histoire-multimedia-web.univ-avignon.fr\/avignon-avant-les-papes\/wp-content\/uploads\/sites\/4\/2022\/04\/pont-davignon-2.jpg?resize=768%2C432&amp;ssl=1 768w, https:\/\/i0.wp.com\/histoire-multimedia-web.univ-avignon.fr\/avignon-avant-les-papes\/wp-content\/uploads\/sites\/4\/2022\/04\/pont-davignon-2.jpg?resize=1536%2C864&amp;ssl=1 1536w, https:\/\/i0.wp.com\/histoire-multimedia-web.univ-avignon.fr\/avignon-avant-les-papes\/wp-content\/uploads\/sites\/4\/2022\/04\/pont-davignon-2.jpg?resize=1200%2C675&amp;ssl=1 1200w, https:\/\/i0.wp.com\/histoire-multimedia-web.univ-avignon.fr\/avignon-avant-les-papes\/wp-content\/uploads\/sites\/4\/2022\/04\/pont-davignon-2.jpg?w=1920&amp;ssl=1 1920w\" sizes=\"(max-width: 767px) 89vw, (max-width: 1000px) 54vw, (max-width: 1071px) 543px, 580px\" data-recalc-dims=\"1\"\/><figcaption><em>Pont d&rsquo;Avignon vu depuis l&rsquo;&icirc;le de la Barthelasse, photo de Nolan Godelaine, Julien Werthe et Jason Nikolaus<\/em>.<\/figcaption><\/figure><h2 class=\"wp-block-heading\">La construction du pont<\/h2>\n\n\n\n<p class=\"has-text-align-justify\">L&rsquo;&eacute;difice surplombe le Rh&ocirc;ne, fleuve capricieux. Il est construit vers 1177, premi&egrave;re date &agrave; laquelle il est fait mention du pont. Avant cela, il existait ce qu&rsquo;on appelle un <a class=\"glossaryLink\"  aria-describedby=\"tt\"  data-cmtooltip=\"&lt;div class=glossaryItemTitle&gt;Bac &agrave; traille&lt;\/div&gt;&lt;div class=glossaryItemBody&gt;&amp;lt;!-- wp:paragraph {&amp;quot;align&amp;quot;:&amp;quot;justify&amp;quot;} --&amp;gt;Un bac &agrave; traille &eacute;tait un moyen de transport d&amp;#039;une rive d&amp;#039;un fleuve &agrave; l&amp;#039;autre. Cela constituait g&eacute;n&eacute;ralement en une planche de bois sur laquelle on montait. De cette fa&ccedil;on, il &eacute;tait pus facile de faire traverser des hommes, des marchandises, voire des animaux. &amp;lt;br\/&amp;gt;&amp;lt;!-- \/wp:paragraph --&amp;gt;&lt;\/div&gt;\"  href=\"https:\/\/histoire-multimedia-web.univ-avignon.fr\/avignon-avant-les-papes\/glossary\/bac-a-traille\/\"  data-gt-translate-attributes='[{\"attribute\":\"data-cmtooltip\", \"format\":\"html\"}]'>bac &agrave; traille<\/a>, un syst&egrave;me qui permettait de franchir le fleuve en passant d&rsquo;une rive &agrave; l&rsquo;autre. Une partie du trajet pouvait aussi s&rsquo;effectuer &agrave; pied puisque le Rh&ocirc;ne n&rsquo;&eacute;tait pas identique &agrave; celui que nous connaissons aujourd&rsquo;hui. Certaines l&eacute;gendes aujourd&rsquo;hui devenues c&eacute;l&egrave;bres borde la construction du pont. Par exemple, la mention de B&eacute;n&eacute;zet, pr&eacute;sum&eacute; fondateur de l&rsquo;&eacute;difice qui devient <a class=\"glossaryLink\"  aria-describedby=\"tt\"  data-cmtooltip=\"&lt;div class=glossaryItemTitle&gt;Saint&lt;\/div&gt;&lt;div class=glossaryItemBody&gt;&amp;lt;!-- wp:paragraph {&amp;quot;align&amp;quot;:&amp;quot;justify&amp;quot;} --&amp;gt;Un saint ou une sainte est une personne &agrave; qui un culte est rendu apr&egrave;s sa mort de part son exemplarit&eacute; chr&eacute;tienne de son vivant. De la m&ecirc;me fa&ccedil;on, un objet saint est un objet religieux sacr&eacute;.&amp;lt;br\/&amp;gt;&amp;lt;!-- \/wp:paragraph --&amp;gt;&lt;\/div&gt;\"  href=\"https:\/\/histoire-multimedia-web.univ-avignon.fr\/avignon-avant-les-papes\/glossary\/saint\/\"  data-gt-translate-attributes='[{\"attribute\":\"data-cmtooltip\", \"format\":\"html\"}]'>saint<\/a>.<br>Une question relativement importante aussi est de d&eacute;terminer qui joue un r&ocirc;le dans la construction du pont et qui a un int&eacute;r&ecirc;t dans celle-ci. B&acirc;tit sous l&rsquo;autorit&eacute; de l&rsquo;<a class=\"glossaryLink\"  aria-describedby=\"tt\"  data-cmtooltip=\"&lt;div class=glossaryItemTitle&gt;Empereur&lt;\/div&gt;&lt;div class=glossaryItemBody&gt;&amp;lt;!-- wp:paragraph --&amp;gt;L&amp;#039;empereur au Moyen-Age est le souverain r&eacute;gnant sur le Saint-Empire romain germanique.&amp;lt;br\/&amp;gt;&amp;lt;!-- \/wp:paragraph --&amp;gt;&lt;\/div&gt;\"  href=\"https:\/\/histoire-multimedia-web.univ-avignon.fr\/avignon-avant-les-papes\/glossary\/empereur\/\"  data-gt-translate-attributes='[{\"attribute\":\"data-cmtooltip\", \"format\":\"html\"}]'>empereur<\/a>, la construction et l&rsquo;int&eacute;r&ecirc;t port&eacute; au pont rel&egrave;vent en r&eacute;alit&eacute; des grandes familles de comtes et des &eacute;v&ecirc;ques d&rsquo;Avignon.<br>L&rsquo;accompagnement de la construction et son entretien d&eacute;pendent de l&rsquo;<a class=\"glossaryLink\"  aria-describedby=\"tt\"  data-cmtooltip=\"&lt;div class=glossaryItemTitle&gt;&OElig;uvre du pont&lt;\/div&gt;&lt;div class=glossaryItemBody&gt;&lt;\/div&gt;\"  href=\"https:\/\/histoire-multimedia-web.univ-avignon.fr\/avignon-avant-les-papes\/glossary\/oeuvre-du-pont\/\"  data-gt-translate-attributes='[{\"attribute\":\"data-cmtooltip\", \"format\":\"html\"}]'>&oelig;uvre du pont<\/a>, une &oelig;uvre de fr&egrave;res <a class=\"glossaryLink\"  aria-describedby=\"tt\"  data-cmtooltip=\"&lt;div class=glossaryItemTitle&gt;Mendiants&lt;\/div&gt;&lt;div class=glossaryItemBody&gt;&amp;lt;!-- wp:paragraph --&amp;gt;Les fr&egrave;res mendiants, appartenant aux ordres franciscains et dominicains, dits ordres mendiants, sont des fr&egrave;res religieux qui se d&eacute;marquent par leur vie de pauvret&eacute;. &amp;lt;br\/&amp;gt;&amp;lt;!-- \/wp:paragraph --&amp;gt;&lt;\/div&gt;\"  href=\"https:\/\/histoire-multimedia-web.univ-avignon.fr\/avignon-avant-les-papes\/glossary\/freres-mendiants\/\"  data-gt-translate-attributes='[{\"attribute\":\"data-cmtooltip\", \"format\":\"html\"}]'>mendiants<\/a> qui vivaient de la <a class=\"glossaryLink\"  aria-describedby=\"tt\"  data-cmtooltip=\"&lt;div class=glossaryItemTitle&gt;Charit&eacute;&lt;\/div&gt;&lt;div class=glossaryItemBody&gt;&amp;lt;!-- wp:paragraph {&amp;quot;align&amp;quot;:&amp;quot;justify&amp;quot;} --&amp;gt;La charit&eacute; est associ&eacute;e &agrave; la r&eacute;alisation d&amp;#039;action de bienveillance envers les plus d&eacute;munis. Les fr&egrave;res mendiants vivaient de la charit&eacute; notamment.&amp;lt;br\/&amp;gt;&amp;lt;!-- \/wp:paragraph --&amp;gt;&lt;\/div&gt;\"  href=\"https:\/\/histoire-multimedia-web.univ-avignon.fr\/avignon-avant-les-papes\/glossary\/charite\/\"  data-gt-translate-attributes='[{\"attribute\":\"data-cmtooltip\", \"format\":\"html\"}]'>charit&eacute;<\/a> et d&rsquo;<a class=\"glossaryLink\"  aria-describedby=\"tt\"  data-cmtooltip=\"&lt;div class=glossaryItemTitle&gt;Aum&ocirc;ne&lt;\/div&gt;&lt;div class=glossaryItemBody&gt;&amp;lt;!-- wp:paragraph --&amp;gt;L&amp;#039;aum&ocirc;ne est un don fait aux plus pauvres.&amp;lt;br\/&amp;gt;&amp;lt;!-- \/wp:paragraph --&amp;gt;&lt;\/div&gt;\"  href=\"https:\/\/histoire-multimedia-web.univ-avignon.fr\/avignon-avant-les-papes\/glossary\/aumone\/\"  data-gt-translate-attributes='[{\"attribute\":\"data-cmtooltip\", \"format\":\"html\"}]'>aum&ocirc;ne<\/a>. <\/p>\n\n\n\n<div class=\"wp-block-getwid-images-slider has-arrows-inside has-dots-inside has-images-center has-cropped-images\"><div class=\"wp-block-getwid-images-slider__wrapper\" data-effect=\"slide\" data-slides-show=\"1\" data-slides-show-laptop=\"1\" data-slides-show-tablet=\"1\" data-slides-show-mobile=\"1\" data-slides-scroll=\"1\" data-autoplay=\"false\" data-autoplay-speed=\"6000\" data-infinite=\"true\" data-animation-speed=\"800\" data-center-mode=\"false\" data-variable-width=\"false\" data-arrows=\"inside\" data-dots=\"inside\" data-spacing=\"none\"><div class=\"wp-block-getwid-images-slider__item\"><figure><img data-attachment-id=\"432\" data-permalink=\"https:\/\/histoire-multimedia-web.univ-avignon.fr\/avignon-avant-les-papes\/2022\/04\/04\/le-pont-davignon\/pont-davignon-3\/\" data-orig-file=\"https:\/\/i0.wp.com\/histoire-multimedia-web.univ-avignon.fr\/avignon-avant-les-papes\/wp-content\/uploads\/sites\/4\/2022\/04\/pont-davignon-3.jpg?fit=1920%2C1080&amp;ssl=1\" data-orig-size=\"1920,1080\" data-comments-opened=\"0\" data-image-meta='{\"aperture\":\"0\",\"credit\":\"\",\"camera\":\"\",\"caption\":\"\",\"created_timestamp\":\"1649693432\",\"copyright\":\"\",\"focal_length\":\"0\",\"iso\":\"0\",\"shutter_speed\":\"0\",\"title\":\"\",\"orientation\":\"0\"}' data-image-title=\"pont d&amp;rsquo;avignon 3\" data-image-description=\"\" data-image-caption=\"&lt;p&gt;Pont d&amp;rsquo;Avignon, photo de Nolan Godelaine, Julien Werthe et Jason Nikolaus.&lt;\/p&gt;\n\" data-medium-file=\"https:\/\/i0.wp.com\/histoire-multimedia-web.univ-avignon.fr\/avignon-avant-les-papes\/wp-content\/uploads\/sites\/4\/2022\/04\/pont-davignon-3.jpg?fit=300%2C169&amp;ssl=1\" data-large-file=\"https:\/\/i0.wp.com\/histoire-multimedia-web.univ-avignon.fr\/avignon-avant-les-papes\/wp-content\/uploads\/sites\/4\/2022\/04\/pont-davignon-3.jpg?fit=525%2C295&amp;ssl=1\" decoding=\"async\" loading=\"lazy\" width=\"525\" height=\"295\" src=\"https:\/\/i0.wp.com\/histoire-multimedia-web.univ-avignon.fr\/avignon-avant-les-papes\/wp-content\/uploads\/sites\/4\/2022\/04\/pont-davignon-3.jpg?resize=525%2C295&#038;ssl=1\" data-id=\"432\" data-link=\"https:\/\/sites.delab.fr\/avignon-communale\/2022\/04\/04\/le-pont-davignon\/pont-davignon-3\/\" data-original-link=\"https:\/\/i0.wp.com\/histoire-multimedia-web.univ-avignon.fr\/avignon-avant-les-papes\/wp-content\/uploads\/sites\/4\/2022\/04\/pont-davignon-3.jpg?resize=525%2C295&#038;ssl=1\" class=\"wp-block-getwid-images-slider__image wp-image-432\" srcset=\"https:\/\/i0.wp.com\/histoire-multimedia-web.univ-avignon.fr\/avignon-avant-les-papes\/wp-content\/uploads\/sites\/4\/2022\/04\/pont-davignon-3.jpg?w=1920&amp;ssl=1 1920w, https:\/\/i0.wp.com\/histoire-multimedia-web.univ-avignon.fr\/avignon-avant-les-papes\/wp-content\/uploads\/sites\/4\/2022\/04\/pont-davignon-3.jpg?resize=300%2C169&amp;ssl=1 300w, https:\/\/i0.wp.com\/histoire-multimedia-web.univ-avignon.fr\/avignon-avant-les-papes\/wp-content\/uploads\/sites\/4\/2022\/04\/pont-davignon-3.jpg?resize=1024%2C576&amp;ssl=1 1024w, https:\/\/i0.wp.com\/histoire-multimedia-web.univ-avignon.fr\/avignon-avant-les-papes\/wp-content\/uploads\/sites\/4\/2022\/04\/pont-davignon-3.jpg?resize=768%2C432&amp;ssl=1 768w, https:\/\/i0.wp.com\/histoire-multimedia-web.univ-avignon.fr\/avignon-avant-les-papes\/wp-content\/uploads\/sites\/4\/2022\/04\/pont-davignon-3.jpg?resize=1536%2C864&amp;ssl=1 1536w, https:\/\/i0.wp.com\/histoire-multimedia-web.univ-avignon.fr\/avignon-avant-les-papes\/wp-content\/uploads\/sites\/4\/2022\/04\/pont-davignon-3.jpg?resize=1200%2C675&amp;ssl=1 1200w\" sizes=\"(max-width: 767px) 89vw, (max-width: 1000px) 54vw, (max-width: 1071px) 543px, 580px\" data-recalc-dims=\"1\"\/><figcaption class=\"wp-block-getwid-images-slider__caption\">Pont d&rsquo;Avignon, photo de Nolan Godelaine, Julien Werthe et Jason Nikolaus.<\/figcaption><\/figure><\/div><div class=\"wp-block-getwid-images-slider__item\"><figure><img data-attachment-id=\"434\" data-permalink=\"https:\/\/histoire-multimedia-web.univ-avignon.fr\/avignon-avant-les-papes\/2022\/04\/04\/le-pont-davignon\/pont-davignon-1\/\" data-orig-file=\"https:\/\/i0.wp.com\/histoire-multimedia-web.univ-avignon.fr\/avignon-avant-les-papes\/wp-content\/uploads\/sites\/4\/2022\/04\/pont-davignon-1.jpg?fit=1920%2C1080&amp;ssl=1\" data-orig-size=\"1920,1080\" data-comments-opened=\"0\" data-image-meta='{\"aperture\":\"0\",\"credit\":\"\",\"camera\":\"\",\"caption\":\"\",\"created_timestamp\":\"1649692704\",\"copyright\":\"\",\"focal_length\":\"0\",\"iso\":\"0\",\"shutter_speed\":\"0\",\"title\":\"\",\"orientation\":\"0\"}' data-image-title=\"pont d&amp;rsquo;avignon 1\" data-image-description=\"\" data-image-caption=\"&lt;p&gt;Pont d&amp;rsquo;Avignon vu depuis l&amp;rsquo;&icirc;le de la Barthelasse, photo de Nolan Godelaine, Julien Werthe et Jason Nikolaus.&lt;\/p&gt;\n\" data-medium-file=\"https:\/\/i0.wp.com\/histoire-multimedia-web.univ-avignon.fr\/avignon-avant-les-papes\/wp-content\/uploads\/sites\/4\/2022\/04\/pont-davignon-1.jpg?fit=300%2C169&amp;ssl=1\" data-large-file=\"https:\/\/i0.wp.com\/histoire-multimedia-web.univ-avignon.fr\/avignon-avant-les-papes\/wp-content\/uploads\/sites\/4\/2022\/04\/pont-davignon-1.jpg?fit=525%2C295&amp;ssl=1\" decoding=\"async\" loading=\"lazy\" width=\"525\" height=\"295\" src=\"https:\/\/i0.wp.com\/histoire-multimedia-web.univ-avignon.fr\/avignon-avant-les-papes\/wp-content\/uploads\/sites\/4\/2022\/04\/pont-davignon-1.jpg?resize=525%2C295&#038;ssl=1\" data-id=\"434\" data-link=\"https:\/\/sites.delab.fr\/avignon-communale\/2022\/04\/04\/le-pont-davignon\/pont-davignon-1\/\" data-original-link=\"https:\/\/i0.wp.com\/histoire-multimedia-web.univ-avignon.fr\/avignon-avant-les-papes\/wp-content\/uploads\/sites\/4\/2022\/04\/pont-davignon-1.jpg?resize=525%2C295&#038;ssl=1\" class=\"wp-block-getwid-images-slider__image wp-image-434\" srcset=\"https:\/\/i0.wp.com\/histoire-multimedia-web.univ-avignon.fr\/avignon-avant-les-papes\/wp-content\/uploads\/sites\/4\/2022\/04\/pont-davignon-1.jpg?w=1920&amp;ssl=1 1920w, https:\/\/i0.wp.com\/histoire-multimedia-web.univ-avignon.fr\/avignon-avant-les-papes\/wp-content\/uploads\/sites\/4\/2022\/04\/pont-davignon-1.jpg?resize=300%2C169&amp;ssl=1 300w, https:\/\/i0.wp.com\/histoire-multimedia-web.univ-avignon.fr\/avignon-avant-les-papes\/wp-content\/uploads\/sites\/4\/2022\/04\/pont-davignon-1.jpg?resize=1024%2C576&amp;ssl=1 1024w, https:\/\/i0.wp.com\/histoire-multimedia-web.univ-avignon.fr\/avignon-avant-les-papes\/wp-content\/uploads\/sites\/4\/2022\/04\/pont-davignon-1.jpg?resize=768%2C432&amp;ssl=1 768w, https:\/\/i0.wp.com\/histoire-multimedia-web.univ-avignon.fr\/avignon-avant-les-papes\/wp-content\/uploads\/sites\/4\/2022\/04\/pont-davignon-1.jpg?resize=1536%2C864&amp;ssl=1 1536w, https:\/\/i0.wp.com\/histoire-multimedia-web.univ-avignon.fr\/avignon-avant-les-papes\/wp-content\/uploads\/sites\/4\/2022\/04\/pont-davignon-1.jpg?resize=1200%2C675&amp;ssl=1 1200w\" sizes=\"(max-width: 767px) 89vw, (max-width: 1000px) 54vw, (max-width: 1071px) 543px, 580px\" data-recalc-dims=\"1\"\/><figcaption class=\"wp-block-getwid-images-slider__caption\">Pont d&rsquo;Avignon vu depuis l&rsquo;&icirc;le de la Barthelasse, photo de Nolan Godelaine, Julien Werthe et Jason Nikolaus.<\/figcaption><\/figure><\/div><\/div><\/div>\n\n\n\n<h2 class=\"wp-block-heading\">A quoi servait le pont?<\/h2>\n\n\n\n<p class=\"has-text-align-justify\">Une question primordiale est celle de la construction du pont. Aujourd&rsquo;hui un pont sert &agrave; traverser un fleuve ou une rivi&egrave;re, voir une route; il y a donc souvent un int&eacute;r&ecirc;t strat&eacute;gique. Au XIIe si&egrave;cle, c&rsquo;est &agrave; peu pr&ecirc;t la m&ecirc;me chose. Cette interrogation l&eacute;gitime sur les raisons d&rsquo;une construction d&rsquo;un pont a souvent &eacute;t&eacute; n&eacute;glig&eacute;e par les historien.ne.s. En effet, l&rsquo;emplacement de cette imposante passerelle justifie difficilement son implantation.<br>Il existe &agrave; cette &eacute;poque deux grandes voies de circulation, ce qui ne corrobore pas avec la construction du pont comme liaison pour la circulation d&rsquo;hommes ou de marchandises. Cependant, le Rh&ocirc;ne repr&eacute;sente une zone de commerce tr&egrave;s importante et lucrative. L&rsquo;activit&eacute; portuaire est si forte que le commerce fluviale est au c&oelig;ur de l&rsquo;&eacute;conomie.<br>Une des raisons serait sans doute l&rsquo;int&eacute;r&ecirc;t qu&rsquo;exprime la ville dans ses possessions et leur rassemblement. Il existe, en face de la cit&eacute; et dans l&rsquo;actuelle Villeneuve, le bourg <a class=\"glossaryLink\"  aria-describedby=\"tt\"  data-cmtooltip=\"&lt;div class=glossaryItemTitle&gt;Saint&lt;\/div&gt;&lt;div class=glossaryItemBody&gt;&amp;lt;!-- wp:paragraph {&amp;quot;align&amp;quot;:&amp;quot;justify&amp;quot;} --&amp;gt;Un saint ou une sainte est une personne &agrave; qui un culte est rendu apr&egrave;s sa mort de part son exemplarit&eacute; chr&eacute;tienne de son vivant. De la m&ecirc;me fa&ccedil;on, un objet saint est un objet religieux sacr&eacute;.&amp;lt;br\/&amp;gt;&amp;lt;!-- \/wp:paragraph --&amp;gt;&lt;\/div&gt;\"  href=\"https:\/\/histoire-multimedia-web.univ-avignon.fr\/avignon-avant-les-papes\/glossary\/saint\/\"  data-gt-translate-attributes='[{\"attribute\":\"data-cmtooltip\", \"format\":\"html\"}]'>Saint<\/a>-Andr&eacute; depuis plusieurs si&egrave;cles. <br><\/p>\n\n\n\n<figure class=\"wp-block-image size-large\"><img data-attachment-id=\"437\" data-permalink=\"https:\/\/histoire-multimedia-web.univ-avignon.fr\/avignon-avant-les-papes\/2022\/04\/04\/le-pont-davignon\/villeneuve\/\" data-orig-file=\"https:\/\/i0.wp.com\/histoire-multimedia-web.univ-avignon.fr\/avignon-avant-les-papes\/wp-content\/uploads\/sites\/4\/2022\/04\/villeneuve.jpg?fit=1920%2C1080&amp;ssl=1\" data-orig-size=\"1920,1080\" data-comments-opened=\"0\" data-image-meta='{\"aperture\":\"0\",\"credit\":\"\",\"camera\":\"\",\"caption\":\"\",\"created_timestamp\":\"1649693356\",\"copyright\":\"\",\"focal_length\":\"0\",\"iso\":\"0\",\"shutter_speed\":\"0\",\"title\":\"\",\"orientation\":\"0\"}' data-image-title=\"fort st andre\" data-image-description=\"\" data-image-caption=\"\" data-medium-file=\"https:\/\/i0.wp.com\/histoire-multimedia-web.univ-avignon.fr\/avignon-avant-les-papes\/wp-content\/uploads\/sites\/4\/2022\/04\/villeneuve.jpg?fit=300%2C169&amp;ssl=1\" data-large-file=\"https:\/\/i0.wp.com\/histoire-multimedia-web.univ-avignon.fr\/avignon-avant-les-papes\/wp-content\/uploads\/sites\/4\/2022\/04\/villeneuve.jpg?fit=525%2C295&amp;ssl=1\" decoding=\"async\" loading=\"lazy\" width=\"525\" height=\"295\" src=\"https:\/\/i0.wp.com\/histoire-multimedia-web.univ-avignon.fr\/avignon-avant-les-papes\/wp-content\/uploads\/sites\/4\/2022\/04\/villeneuve.jpg?resize=525%2C295&#038;ssl=1\" alt=\"Le fort Saint-Andr&eacute; &agrave; Villeneuve vu depuis le rocher des Doms.\" class=\"wp-image-437\" srcset=\"https:\/\/i0.wp.com\/histoire-multimedia-web.univ-avignon.fr\/avignon-avant-les-papes\/wp-content\/uploads\/sites\/4\/2022\/04\/villeneuve.jpg?resize=1024%2C576&amp;ssl=1 1024w, https:\/\/i0.wp.com\/histoire-multimedia-web.univ-avignon.fr\/avignon-avant-les-papes\/wp-content\/uploads\/sites\/4\/2022\/04\/villeneuve.jpg?resize=300%2C169&amp;ssl=1 300w, https:\/\/i0.wp.com\/histoire-multimedia-web.univ-avignon.fr\/avignon-avant-les-papes\/wp-content\/uploads\/sites\/4\/2022\/04\/villeneuve.jpg?resize=768%2C432&amp;ssl=1 768w, https:\/\/i0.wp.com\/histoire-multimedia-web.univ-avignon.fr\/avignon-avant-les-papes\/wp-content\/uploads\/sites\/4\/2022\/04\/villeneuve.jpg?resize=1536%2C864&amp;ssl=1 1536w, https:\/\/i0.wp.com\/histoire-multimedia-web.univ-avignon.fr\/avignon-avant-les-papes\/wp-content\/uploads\/sites\/4\/2022\/04\/villeneuve.jpg?resize=1200%2C675&amp;ssl=1 1200w, https:\/\/i0.wp.com\/histoire-multimedia-web.univ-avignon.fr\/avignon-avant-les-papes\/wp-content\/uploads\/sites\/4\/2022\/04\/villeneuve.jpg?w=1920&amp;ssl=1 1920w\" sizes=\"(max-width: 767px) 89vw, (max-width: 1000px) 54vw, (max-width: 1071px) 543px, 580px\" data-recalc-dims=\"1\"\/><figcaption><em>Fort <a class=\"glossaryLink\"  aria-describedby=\"tt\"  data-cmtooltip=\"&lt;div class=glossaryItemTitle&gt;Saint&lt;\/div&gt;&lt;div class=glossaryItemBody&gt;&amp;lt;!-- wp:paragraph {&amp;quot;align&amp;quot;:&amp;quot;justify&amp;quot;} --&amp;gt;Un saint ou une sainte est une personne &agrave; qui un culte est rendu apr&egrave;s sa mort de part son exemplarit&eacute; chr&eacute;tienne de son vivant. De la m&ecirc;me fa&ccedil;on, un objet saint est un objet religieux sacr&eacute;.&amp;lt;br\/&amp;gt;&amp;lt;!-- \/wp:paragraph --&amp;gt;&lt;\/div&gt;\"  href=\"https:\/\/histoire-multimedia-web.univ-avignon.fr\/avignon-avant-les-papes\/glossary\/saint\/\"  data-gt-translate-attributes='[{\"attribute\":\"data-cmtooltip\", \"format\":\"html\"}]'>Saint<\/a>-Andr&eacute;, Villeneuve, photo de Nolan Godelaine, Julien Werthe et Jason Nikolaus<\/em><\/figcaption><\/figure><div data-map-zoom=\"14\" data-interaction=\"cooperative\" data-map-style=\"default\" data-map-center='{\"lat\":43.94996876820974,\"lng\":4.807938280398174}' data-zoom-control=\"true\" data-type-control=\"true\" data-street-view-control=\"true\" data-full-screen-control=\"true\" data-map-markers=\"[{&quot;name&quot;:&quot;Pont d'Avignon&quot;,&quot;description&quot;:&quot;&quot;,&quot;popUpOpen&quot;:false,&quot;popUpMaxWidth&quot;:250,&quot;bounce&quot;:false,&quot;coords&quot;:{&quot;lat&quot;:43.953765887859156,&quot;lng&quot;:4.804975246668679}}]\" class=\"wp-block-getwid-map\"><div style=\"height:600px\" class=\"wp-block-getwid-map__container\"><\/div><ul class=\"wp-block-getwid-map__points\"><li><a href=\"https:\/\/maps.google.com\/?q=43.953765887859156,4.804975246668679&amp;ll=43.953765887859156,4.804975246668679&amp;z=14\">Pont d&rsquo;Avignon<\/a><\/li><\/ul><\/div>\n\n\n\n<p><\/p>","protected":false},"excerpt":{"rendered":"<p>Quelques g&eacute;n&eacute;ralit&eacute;s Contrairement aux id&eacute;es re&ccedil;ues, le pont d&rsquo;Avignon ne fait pas partie de l&rsquo;ensemble des monuments de la papaut&eacute;. Bien souvent, le pont est int&eacute;gr&eacute; dans une sorte de lot des grands monuments repr&eacute;sentants la &laquo;&nbsp;Cit&eacute; des Papes&nbsp;&raquo;. Mais en s&rsquo;int&eacute;ressant de plus pr&ecirc;t au pont, on remarque qu&rsquo;il est construit bien avant l&rsquo;arriv&eacute;e &hellip; <\/p>\n<p class=\"link-more\"><a href=\"https:\/\/histoire-multimedia-web.univ-avignon.fr\/avignon-avant-les-papes\/2022\/04\/04\/le-pont-davignon\/\" class=\"more-link\">Continuer la lecture<span class=\"screen-reader-text\"> de &laquo;&nbsp;Le pont d&rsquo;Avignon&nbsp;&raquo;<\/span><\/a><\/p>","protected":false},"author":7,"featured_media":0,"comment_status":"open","ping_status":"open","sticky":false,"template":"","format":"standard","meta":[],"categories":[2],"tags":[],"acf":[],"yoast_head":"<!-- This site is optimized with the Yoast SEO plugin v20.5 - https:\/\/yoast.com\/wordpress\/plugins\/seo\/ -->\n<title>Le pont d&#039;Avignon - Avignon avant les papes<\/title>\n<meta name=\"description\" content=\"Le pont d&#039;Avignon ne fait pas parti de l&#039;ensemble des monuments de la papaut\u00e9, il est cr\u00e9\u00e9 et utilis\u00e9 bien avant l&#039;arriv\u00e9e des papes.\" \/>\n<meta name=\"robots\" content=\"index, follow, max-snippet:-1, max-image-preview:large, max-video-preview:-1\" \/>\n<link rel=\"canonical\" href=\"https:\/\/histoire-multimedia-web.univ-avignon.fr\/avignon-avant-les-papes\/2022\/04\/04\/le-pont-davignon\/\" \/>\n<meta property=\"og:locale\" content=\"fr_FR\" \/>\n<meta property=\"og:type\" content=\"article\" \/>\n<meta property=\"og:title\" content=\"Le pont d&#039;Avignon - Avignon avant les papes\" \/>\n<meta property=\"og:description\" content=\"Le pont d&#039;Avignon ne fait pas parti de l&#039;ensemble des monuments de la papaut\u00e9, il est cr\u00e9\u00e9 et utilis\u00e9 bien avant l&#039;arriv\u00e9e des papes.\" \/>\n<meta property=\"og:url\" content=\"https:\/\/histoire-multimedia-web.univ-avignon.fr\/avignon-avant-les-papes\/2022\/04\/04\/le-pont-davignon\/\" \/>\n<meta property=\"og:site_name\" content=\"Avignon avant les papes\" \/>\n<meta property=\"article:published_time\" content=\"2022-04-04T13:52:56+00:00\" \/>\n<meta property=\"og:image\" content=\"https:\/\/histoire-multimedia-web.univ-avignon.fr\/avignon-avant-les-papes\/wp-content\/uploads\/sites\/4\/2022\/04\/Avignon-1024x576.jpg\" \/>\n<meta name=\"author\" content=\"Antoine\" \/>\n<meta name=\"twitter:card\" content=\"summary_large_image\" \/>\n<meta name=\"twitter:label1\" content=\"\u00c9crit par\" \/>\n\t<meta name=\"twitter:data1\" content=\"Antoine\" \/>\n\t<meta name=\"twitter:label2\" content=\"Dur\u00e9e de lecture estim\u00e9e\" \/>\n\t<meta name=\"twitter:data2\" content=\"4 minutes\" \/>\n<script type=\"application\/ld+json\" class=\"yoast-schema-graph\">{\"@context\":\"https:\/\/schema.org\",\"@graph\":[{\"@type\":\"WebPage\",\"@id\":\"https:\/\/histoire-multimedia-web.univ-avignon.fr\/avignon-avant-les-papes\/2022\/04\/04\/le-pont-davignon\/\",\"url\":\"https:\/\/histoire-multimedia-web.univ-avignon.fr\/avignon-avant-les-papes\/2022\/04\/04\/le-pont-davignon\/\",\"name\":\"Le pont d'Avignon - Avignon avant les papes\",\"isPartOf\":{\"@id\":\"https:\/\/histoire-multimedia-web.univ-avignon.fr\/avignon-avant-les-papes\/#website\"},\"datePublished\":\"2022-04-04T13:52:56+00:00\",\"dateModified\":\"2022-04-04T13:52:56+00:00\",\"author\":{\"@id\":\"https:\/\/histoire-multimedia-web.univ-avignon.fr\/avignon-avant-les-papes\/#\/schema\/person\/dbf8a9849a7be19bb6cf829ca591bef4\"},\"description\":\"Le pont d'Avignon ne fait pas parti de l'ensemble des monuments de la papaut\u00e9, il est cr\u00e9\u00e9 et utilis\u00e9 bien avant l'arriv\u00e9e des papes.\",\"breadcrumb\":{\"@id\":\"https:\/\/histoire-multimedia-web.univ-avignon.fr\/avignon-avant-les-papes\/2022\/04\/04\/le-pont-davignon\/#breadcrumb\"},\"inLanguage\":\"fr-FR\",\"potentialAction\":[{\"@type\":\"ReadAction\",\"target\":[\"https:\/\/histoire-multimedia-web.univ-avignon.fr\/avignon-avant-les-papes\/2022\/04\/04\/le-pont-davignon\/\"]}]},{\"@type\":\"BreadcrumbList\",\"@id\":\"https:\/\/histoire-multimedia-web.univ-avignon.fr\/avignon-avant-les-papes\/2022\/04\/04\/le-pont-davignon\/#breadcrumb\",\"itemListElement\":[{\"@type\":\"ListItem\",\"position\":1,\"name\":\"Accueil\",\"item\":\"https:\/\/histoire-multimedia-web.univ-avignon.fr\/avignon-avant-les-papes\/\"},{\"@type\":\"ListItem\",\"position\":2,\"name\":\"Le pont d&rsquo;Avignon\"}]},{\"@type\":\"WebSite\",\"@id\":\"https:\/\/histoire-multimedia-web.univ-avignon.fr\/avignon-avant-les-papes\/#website\",\"url\":\"https:\/\/histoire-multimedia-web.univ-avignon.fr\/avignon-avant-les-papes\/\",\"name\":\"Avignon avant les papes\",\"description\":\"D\u00e9couvrir Avignon entre le XIIe et XIVe si\u00e8cle\",\"potentialAction\":[{\"@type\":\"SearchAction\",\"target\":{\"@type\":\"EntryPoint\",\"urlTemplate\":\"https:\/\/histoire-multimedia-web.univ-avignon.fr\/avignon-avant-les-papes\/?s={search_term_string}\"},\"query-input\":\"required name=search_term_string\"}],\"inLanguage\":\"fr-FR\"},{\"@type\":\"Person\",\"@id\":\"https:\/\/histoire-multimedia-web.univ-avignon.fr\/avignon-avant-les-papes\/#\/schema\/person\/dbf8a9849a7be19bb6cf829ca591bef4\",\"name\":\"Antoine\",\"image\":{\"@type\":\"ImageObject\",\"inLanguage\":\"fr-FR\",\"@id\":\"https:\/\/histoire-multimedia-web.univ-avignon.fr\/avignon-avant-les-papes\/#\/schema\/person\/image\/\",\"url\":\"https:\/\/secure.gravatar.com\/avatar\/e3d0670f347b7c442fab6833f1985857?s=96&d=mm&r=g\",\"contentUrl\":\"https:\/\/secure.gravatar.com\/avatar\/e3d0670f347b7c442fab6833f1985857?s=96&d=mm&r=g\",\"caption\":\"Antoine\"},\"url\":\"https:\/\/histoire-multimedia-web.univ-avignon.fr\/avignon-avant-les-papes\/author\/admin_sites\/\"}]}<\/script>\n<!-- \/ Yoast SEO plugin. -->","yoast_head_json":{"title":"Le pont d'Avignon - Avignon avant les papes","description":"Le pont d'Avignon ne fait pas parti de l'ensemble des monuments de la papaut\u00e9, il est cr\u00e9\u00e9 et utilis\u00e9 bien avant l'arriv\u00e9e des papes.","robots":{"index":"index","follow":"follow","max-snippet":"max-snippet:-1","max-image-preview":"max-image-preview:large","max-video-preview":"max-video-preview:-1"},"canonical":"https:\/\/histoire-multimedia-web.univ-avignon.fr\/avignon-avant-les-papes\/2022\/04\/04\/le-pont-davignon\/","og_locale":"fr_FR","og_type":"article","og_title":"Le pont d'Avignon - Avignon avant les papes","og_description":"Le pont d'Avignon ne fait pas parti de l'ensemble des monuments de la papaut\u00e9, il est cr\u00e9\u00e9 et utilis\u00e9 bien avant l'arriv\u00e9e des papes.","og_url":"https:\/\/histoire-multimedia-web.univ-avignon.fr\/avignon-avant-les-papes\/2022\/04\/04\/le-pont-davignon\/","og_site_name":"Avignon avant les papes","article_published_time":"2022-04-04T13:52:56+00:00","og_image":[{"url":"https:\/\/histoire-multimedia-web.univ-avignon.fr\/avignon-avant-les-papes\/wp-content\/uploads\/sites\/4\/2022\/04\/Avignon-1024x576.jpg"}],"author":"Antoine","twitter_card":"summary_large_image","twitter_misc":{"\u00c9crit par":"Antoine","Dur\u00e9e de lecture estim\u00e9e":"4 minutes"},"schema":{"@context":"https:\/\/schema.org","@graph":[{"@type":"WebPage","@id":"https:\/\/histoire-multimedia-web.univ-avignon.fr\/avignon-avant-les-papes\/2022\/04\/04\/le-pont-davignon\/","url":"https:\/\/histoire-multimedia-web.univ-avignon.fr\/avignon-avant-les-papes\/2022\/04\/04\/le-pont-davignon\/","name":"Le pont d'Avignon - Avignon avant les papes","isPartOf":{"@id":"https:\/\/histoire-multimedia-web.univ-avignon.fr\/avignon-avant-les-papes\/#website"},"datePublished":"2022-04-04T13:52:56+00:00","dateModified":"2022-04-04T13:52:56+00:00","author":{"@id":"https:\/\/histoire-multimedia-web.univ-avignon.fr\/avignon-avant-les-papes\/#\/schema\/person\/dbf8a9849a7be19bb6cf829ca591bef4"},"description":"Le pont d'Avignon ne fait pas parti de l'ensemble des monuments de la papaut\u00e9, il est cr\u00e9\u00e9 et utilis\u00e9 bien avant l'arriv\u00e9e des papes.","breadcrumb":{"@id":"https:\/\/histoire-multimedia-web.univ-avignon.fr\/avignon-avant-les-papes\/2022\/04\/04\/le-pont-davignon\/#breadcrumb"},"inLanguage":"fr-FR","potentialAction":[{"@type":"ReadAction","target":["https:\/\/histoire-multimedia-web.univ-avignon.fr\/avignon-avant-les-papes\/2022\/04\/04\/le-pont-davignon\/"]}]},{"@type":"BreadcrumbList","@id":"https:\/\/histoire-multimedia-web.univ-avignon.fr\/avignon-avant-les-papes\/2022\/04\/04\/le-pont-davignon\/#breadcrumb","itemListElement":[{"@type":"ListItem","position":1,"name":"Accueil","item":"https:\/\/histoire-multimedia-web.univ-avignon.fr\/avignon-avant-les-papes\/"},{"@type":"ListItem","position":2,"name":"Le pont d&rsquo;Avignon"}]},{"@type":"WebSite","@id":"https:\/\/histoire-multimedia-web.univ-avignon.fr\/avignon-avant-les-papes\/#website","url":"https:\/\/histoire-multimedia-web.univ-avignon.fr\/avignon-avant-les-papes\/","name":"Avignon avant les papes","description":"D\u00e9couvrir Avignon entre le XIIe et XIVe si\u00e8cle","potentialAction":[{"@type":"SearchAction","target":{"@type":"EntryPoint","urlTemplate":"https:\/\/histoire-multimedia-web.univ-avignon.fr\/avignon-avant-les-papes\/?s={search_term_string}"},"query-input":"required name=search_term_string"}],"inLanguage":"fr-FR"},{"@type":"Person","@id":"https:\/\/histoire-multimedia-web.univ-avignon.fr\/avignon-avant-les-papes\/#\/schema\/person\/dbf8a9849a7be19bb6cf829ca591bef4","name":"Antoine","image":{"@type":"ImageObject","inLanguage":"fr-FR","@id":"https:\/\/histoire-multimedia-web.univ-avignon.fr\/avignon-avant-les-papes\/#\/schema\/person\/image\/","url":"https:\/\/secure.gravatar.com\/avatar\/e3d0670f347b7c442fab6833f1985857?s=96&d=mm&r=g","contentUrl":"https:\/\/secure.gravatar.com\/avatar\/e3d0670f347b7c442fab6833f1985857?s=96&d=mm&r=g","caption":"Antoine"},"url":"https:\/\/histoire-multimedia-web.univ-avignon.fr\/avignon-avant-les-papes\/author\/admin_sites\/"}]}},"jetpack_featured_media_url":"","jetpack_sharing_enabled":true,"_links":{"self":[{"href":"https:\/\/histoire-multimedia-web.univ-avignon.fr\/avignon-avant-les-papes\/wp-json\/wp\/v2\/posts\/86"}],"collection":[{"href":"https:\/\/histoire-multimedia-web.univ-avignon.fr\/avignon-avant-les-papes\/wp-json\/wp\/v2\/posts"}],"about":[{"href":"https:\/\/histoire-multimedia-web.univ-avignon.fr\/avignon-avant-les-papes\/wp-json\/wp\/v2\/types\/post"}],"author":[{"embeddable":true,"href":"https:\/\/histoire-multimedia-web.univ-avignon.fr\/avignon-avant-les-papes\/wp-json\/wp\/v2\/users\/7"}],"replies":[{"embeddable":true,"href":"https:\/\/histoire-multimedia-web.univ-avignon.fr\/avignon-avant-les-papes\/wp-json\/wp\/v2\/comments?post=86"}],"version-history":[{"count":0,"href":"https:\/\/histoire-multimedia-web.univ-avignon.fr\/avignon-avant-les-papes\/wp-json\/wp\/v2\/posts\/86\/revisions"}],"wp:attachment":[{"href":"https:\/\/histoire-multimedia-web.univ-avignon.fr\/avignon-avant-les-papes\/wp-json\/wp\/v2\/media?parent=86"}],"wp:term":[{"taxonomy":"category","embeddable":true,"href":"https:\/\/histoire-multimedia-web.univ-avignon.fr\/avignon-avant-les-papes\/wp-json\/wp\/v2\/categories?post=86"},{"taxonomy":"post_tag","embeddable":true,"href":"https:\/\/histoire-multimedia-web.univ-avignon.fr\/avignon-avant-les-papes\/wp-json\/wp\/v2\/tags?post=86"}],"curies":[{"name":"wp","href":"https:\/\/api.w.org\/{rel}","templated":true}]}}